{"id":187,"date":"2025-06-27T00:39:28","date_gmt":"2025-06-26T21:39:28","guid":{"rendered":"https:\/\/yikama.istanbul\/blog\/?p=187"},"modified":"2025-06-27T00:39:28","modified_gmt":"2025-06-26T21:39:28","slug":"2025-yili-konut-vergisi-hakkinda-bilgilendirme","status":"publish","type":"post","link":"https:\/\/yikama.istanbul\/blog\/2025-yili-konut-vergisi-hakkinda-bilgilendirme\/","title":{"rendered":"2025 Y\u0131l\u0131 Konut Vergisi Hakk\u0131nda Bilgilendirme"},"content":{"rendered":"<p>Konut vergisi, m\u00fclk sahiplerinin devlet veya yerel y\u00f6netimlere \u00f6demesi gereken bir vergidir. Genellikle m\u00fclk\u00fcn de\u011feri \u00fczerinden hesaplan\u0131r. Yani, evinizin de\u011feri ne kadar y\u00fcksekse, \u00f6demeniz gereken vergi miktar\u0131 da o kadar artar. Bu durum, bir\u00e7ok ev sahibi i\u00e7in kafa kar\u0131\u015ft\u0131r\u0131c\u0131 olabilir. Y\u0131lba\u015f\u0131nda gelen zamlarla birlikte, bir\u00e7ok ki\u015fi b\u00fct\u00e7esini yeniden g\u00f6zden ge\u00e7irmek zorunda kalacak.<\/p>\n<p>2025 y\u0131l\u0131nda, baz\u0131 b\u00f6lgelerde <a href=\"http:\/\/emlakdepo.com\">konut vergisi<\/a> oranlar\u0131nda art\u0131\u015f olaca\u011f\u0131 belirtiliyor. Tabii ki bu de\u011fi\u015fiklikler, her yerel y\u00f6netimin fahi\u015f fiyat art\u0131\u015flar\u0131na kar\u015f\u0131 ald\u0131\u011f\u0131 \u00f6nlemlerle ba\u011flant\u0131l\u0131 olacak. Baz\u0131 \u015fehirler, y\u00fcksek konut fiyatlar\u0131 nedeniyle ek vergi y\u00fck\u00fcml\u00fcl\u00fckleri getirebilirken, di\u011ferleri d\u00fc\u015f\u00fck gelir gruplar\u0131n\u0131 desteklemek amac\u0131yla indirim uygulayabilir. Bu belirsizlik, ta\u015f\u0131nmaz sahibi olanlar\u0131n b\u00fct\u00e7elerini etkileyecek.<\/p>\n<p>Konut vergisi, yerel y\u00f6netimlerin gelir kaynaklar\u0131ndan biri. Okullar, yollar, parklar gibi hizmetlerin finansman\u0131 i\u00e7in bu vergilerin toplanmas\u0131 kritik \u00f6neme sahip. Ancak, bu durumu sadece bir mali y\u00fck\u00fcml\u00fcl\u00fck olarak g\u00f6rmek, haks\u0131zl\u0131k olur. \u00c7\u00fcnk\u00fc vergi gelirleri, toplumun genel refah\u0131n\u0131 art\u0131rmak i\u00e7in kullan\u0131l\u0131r.<\/p>\n<p>2025 y\u0131l\u0131 konut vergisi politikalar\u0131, ev sahiplerinin mali durumunu \u00f6nemli \u00f6l\u00e7\u00fcde etkileyebilir. Bu nedenle, m\u00fchendislik ve planlama a\u00e7\u0131s\u0131ndan ya\u015fanacak de\u011fi\u015fimleri takip etmek gerekebilir. Hem kendinizi hem de ailenizi bu konuda bilgilendirmek, gelece\u011fe daha sa\u011flam ad\u0131mlar atman\u0131za yard\u0131mc\u0131 olacak. Unutmay\u0131n, vergi konusunda her zaman bir ad\u0131m \u00f6nde olmak, sadece ekonomik g\u00fcvenlik de\u011fil, ayn\u0131 zamanda huzurlu bir ya\u015fam sa\u011flamak demektir.<\/p>\n<h2>2025&#8217;te Konut Vergisi De\u011fi\u015fiklikleri: Nereden Nereye?<\/h2>\n<p><strong>Yeni D\u00fczenlemelerin Ama\u00e7lar\u0131<\/strong> aras\u0131nda, daha adil bir vergi sistemi olu\u015fturmak ve vatanda\u015flar\u0131n mali y\u00fck\u00fcn\u00fc hafifletmek yer al\u0131yor. \u00d6rne\u011fin, d\u00fc\u015f\u00fck gelirli hanelere y\u00f6nelik vergi indirimleri ve baz\u0131 b\u00f6lgelerde emlak vergisi oranlar\u0131n\u0131n d\u00fc\u015f\u00fcr\u00fclmesi gibi ad\u0131mlar g\u00fcndeme gelecektir. Bu da, bir\u00e7ok ki\u015finin konut sahibi olma hayallerinde b\u00fcy\u00fck bir kolayl\u0131k sa\u011flayabilir. D\u00fc\u015f\u00fck gelirli aileler, bu d\u00fczenlemeler sayesinde evlerini kaybetme korkusundan uzak ya\u015fayabilirler.<\/p>\n<p>Ayn\u0131 zamanda, <strong>Vergi Gelirlerinin Kullan\u0131m Alanlar\u0131<\/strong> da b\u00fcy\u00fck bir merak konusu. Vergi gelirlerinin daha fazla sosyal projeye, sa\u011fl\u0131\u011fa ve e\u011fitime y\u00f6nlendirilmesi, toplumda genel bir memnuniyet yaratabilir. \u00d6rne\u011fin, toplanan vergilerin bir k\u0131sm\u0131n\u0131n kentsel d\u00f6n\u00fc\u015f\u00fcm projelerine harcanmas\u0131, mahallelerin iyile\u015ftirilmesine ve ya\u015fam standartlar\u0131n\u0131n y\u00fckseltilmesine yard\u0131mc\u0131 olabilir.<\/p>\n<p>2025\u2019teki konut vergisi de\u011fi\u015fiklikleri, hem ev sahiplerini hem de kirac\u0131lar\u0131 derinden etkileyecek, toplumsal yap\u0131n\u0131n de\u011fi\u015fmesine yol a\u00e7acak. \u015eimdi akl\u0131n\u0131zdaki bu se\u00e7eneklerin hangisinin sizin i\u00e7in en uygun oldu\u011funu d\u00fc\u015f\u00fcnmeye ba\u015flayabilirsiniz. Sizce bu de\u011fi\u015fiklikler, hanelerin mali yap\u0131s\u0131n\u0131 nas\u0131l etkileyecek?<\/p>\n<h2>Konut Sahiplerini Bekleyen Yeni Vergi D\u00fczenlemeleri: 2025 Y\u0131l\u0131 \u0130\u00e7in Bilmeniz Gerekenler<\/h2>\n<p>2025 y\u0131l\u0131nda uygulanmaya ba\u015flayacak d\u00fczenlemeler aras\u0131nda konut vergilerinin artmas\u0131, kira gelirleri \u00fczerinden daha fazla vergi al\u0131nmas\u0131 ve baz\u0131 durumlarda emlak de\u011ferinin yeniden de\u011ferlendirilmesi yer al\u0131yor. \u00d6rne\u011fin, konutunuzun de\u011feri y\u0131llar i\u00e7inde artt\u0131ysa, vergi y\u00fck\u00fcml\u00fcl\u00fc\u011f\u00fcn\u00fcz de art\u0131\u015f g\u00f6sterecek. Bu durum, uzun vadede ev sahipleri i\u00e7in maddi anlamda zorluklar yaratabilir.<\/p>\n<p>Kirac\u0131lardan ald\u0131\u011f\u0131n\u0131z gelirlerin vergilendirilmesi konusu da olduk\u00e7a dikkat \u00e7ekici. Devlet, kiralardan elde edilen geliri daha fazla denetim alt\u0131na alaca\u011f\u0131 i\u00e7in, bu durum vergi beyannamelerinizde daha fazla ayr\u0131nt\u0131 gerektiriyor. Kim bilir, belki de her ay ald\u0131\u011f\u0131n\u0131z o kira gelirinin bir k\u0131sm\u0131n\u0131 devlete vermek zorunda kalacaks\u0131n\u0131z. Bu, kirac\u0131lar i\u00e7in kira fiyatlar\u0131n\u0131 da etkileyebilir; dolay\u0131s\u0131yla, kirac\u0131 ve ev sahibi ili\u015fkileri de\u011fi\u015fken bir hal alabilir.<\/p>\n<p><center>&nbsp;<\/p>\n<p><\/center>Artan vergilerin etkisi, \u00f6zellikle konut sahibi olanlar i\u00e7in bir \u00e7\u0131kmaza s\u00fcr\u00fckleyebilir. Bu s\u00fcre\u00e7te, konut almak veya satmak isteyenler i\u00e7in ge\u00e7mi\u015fe g\u00f6re \u00e7ok daha dikkatli kararlar al\u0131nmas\u0131 gerekti\u011fi bir ger\u00e7ek. Peki, bu yeni d\u00fczenlemeler ile konut sahibi olma hayalini ger\u00e7ekle\u015ftirmenin imk\u00e2n\u0131 kalacak m\u0131? Ak\u0131llarda bir\u00e7ok soru var ve \u00e7\u00f6z\u00fcm \u00f6nerileri bulmak da bir o kadar zor olacak gibi g\u00f6r\u00fcn\u00fcyor.<\/p>\n<p>Konut sahipleri i\u00e7in 2025, sadece bir y\u0131l de\u011fil; ayn\u0131 zamanda karar verme s\u00fcre\u00e7lerinde dikkatli olunmas\u0131 gereken bir d\u00f6n\u00fcm noktas\u0131.<\/p>\n<h2>2025 Y\u0131l\u0131 Konut Vergisi: Bu Y\u0131l Hangi S\u00fcrprizlerle Kar\u015f\u0131la\u015facaks\u0131n\u0131z?<\/h2>\n<p><strong>Yeni De\u011ferleme Y\u00f6ntemleri<\/strong>: 2025 y\u0131l\u0131nda uygulanacak olan yeni de\u011ferleme y\u00f6ntemleri, konutunuzun vergilendirilme \u015fekline b\u00fcy\u00fck etki edecek. Ge\u00e7ti\u011fimiz y\u0131llarda sadece arsa de\u011feri \u00fczerinden hesaplanan vergiler, art\u0131k bina ve \u00e7evresel fakt\u00f6rlerle birlikte de\u011ferlendirilecek. Yani, park, bah\u00e7e gibi ekstra unsurlar sizler i\u00e7in ek maliyet anlam\u0131na gelebilir. D\u00fc\u015f\u00fcnsenize, bah\u00e7enizin g\u00fczelli\u011fi, \u00fc\u00e7ten fazla \u00e7i\u00e7ek a\u00e7an \u00e7al\u0131lar\u0131n\u0131z, vergi y\u00fck\u00fcn\u00fcz\u00fc art\u0131rabilir.<\/p>\n<p><strong>\u0130l\u00e7e Bazl\u0131 Farkl\u0131l\u0131klar<\/strong>: 2025 y\u0131l\u0131 ile birlikte, il\u00e7eler aras\u0131nda vergi oranlar\u0131nda farkl\u0131l\u0131klar da ortaya \u00e7\u0131kacak. \u00d6zellikle kalk\u0131nma projeleri ve yine yerel y\u00f6netimlerin y\u0131ld\u0131z\u0131n\u0131 parlatacak aktiviteler, baz\u0131 b\u00f6lgelerde vergi indirimine veya art\u0131\u015f\u0131na neden olabilir. Bu durumda, nerede ya\u015fad\u0131\u011f\u0131n\u0131z do\u011frudan mali durumunuzu etkileyebilir.<\/p>\n<p><strong>Teknoloji ve Otomasyon<\/strong>: Ayr\u0131ca, bu y\u0131l uygulamaya girecek olan yeni teknolojik sistemlerle, vergi hesaplamalar\u0131 daha \u015feffaf ve her zamankinden daha adil olacak. Yani, vergi komisyonlar\u0131 art\u0131k daha ak\u0131ll\u0131. artan dijitalle\u015fme ile birlikte, oturdu\u011funuz b\u00f6lgedeki emlak de\u011ferleri kolayca tespit edilebilecek. Bu, bir\u00e7ok ki\u015fi i\u00e7in Vergi \u015eok etkisi yaratabilir.<\/p>\n<p>2025 y\u0131l\u0131, konut vergi sisteminde de\u011fi\u015fiklikler ve adaptasyonlar ile dolu bir d\u00f6nem olacak. Daha \u00f6nce hi\u00e7 d\u00fc\u015f\u00fcnmedi\u011finiz baz\u0131 detaylar, ev sahipli\u011fi yolunda kar\u015f\u0131n\u0131za \u00e7\u0131kabilir ve bu da sizi finansal a\u00e7\u0131dan haz\u0131rl\u0131kl\u0131 olmaya zorlayacak.<\/p>\n<h2>Konut Vergisi Hesaplamas\u0131nda Devrim: 2025 Y\u0131l\u0131n\u0131n Getirdikleri<\/h2>\n<p>D\u00fc\u015f\u00fcn\u00fcn ki, y\u0131llard\u0131r \u00f6deyece\u011fimiz konut vergisi miktar\u0131, bazen piyasa ko\u015fullar\u0131ndan ba\u011f\u0131ms\u0131z bir \u015fekilde belirleniyordu. Yeni sistemle birlikte, arazinin de\u011feri ve konumunun yan\u0131 s\u0131ra, \u00e7evresel fakt\u00f6rler de dikkate al\u0131nacak. <strong>Peki ya bu de\u011fi\u015fiklikler, nas\u0131l bir etki yaratacak?<\/strong> \u00d6rne\u011fin, bir m\u00fclk sahibi, evinin bulundu\u011fu semtin geli\u015fimiyle birlikte de\u011ferinin artt\u0131\u011f\u0131n\u0131 g\u00f6rebilecek. Bu, ona sadece daha y\u00fcksek bir vergi y\u00fck\u00fc getirmekle kalmayacak; ayn\u0131 zamanda m\u00fclk\u00fcn\u00fcn de\u011ferinde de bir art\u0131\u015f ya\u015fanmas\u0131n\u0131 sa\u011flayacak.<\/p>\n<p><strong>\u015eimdi bir soru soral\u0131m:<\/strong> Kirac\u0131lar bu de\u011fi\u015fimden nas\u0131l etkilenecek? Yeni d\u00fczenlemeler, ev sahiplerinin daha \u015feffaf bir \u015fekilde kiralamak i\u00e7in vergi y\u00fck\u00fcn\u00fc hesaplamas\u0131na ve buna g\u00f6re fiyatland\u0131rmas\u0131na yard\u0131mc\u0131 olacak. kiralar\u0131n daha adil bir seviyede kalmas\u0131 m\u00fcmk\u00fcn olacak. Ev sahipleri, artan maliyetleri do\u011frudan kiralardan \u00e7\u0131karacaklarsa, bu durum kirac\u0131lar\u0131n cebine yans\u0131yacak.<\/p>\n<p><img loading=\"lazy\" decoding=\"async\" class=\"aligncenter  wp-image-188\" src=\"https:\/\/yikama.istanbul\/blog\/wp-content\/uploads\/2025\/06\/2025-emlak-vergisi-ic-yazi-resmi-300x194.jpg\" alt=\"\" width=\"722\" height=\"467\" srcset=\"https:\/\/yikama.istanbul\/blog\/wp-content\/uploads\/2025\/06\/2025-emlak-vergisi-ic-yazi-resmi-300x194.jpg 300w, https:\/\/yikama.istanbul\/blog\/wp-content\/uploads\/2025\/06\/2025-emlak-vergisi-ic-yazi-resmi.jpg 612w\" sizes=\"auto, (max-width: 722px) 100vw, 722px\" \/><\/p>\n<p><center>&nbsp;<\/p>\n<p><\/center>K\u0131sacas\u0131, 2025 y\u0131l\u0131nda konut vergisi hesaplamas\u0131nda ya\u015fanacak devrim, hem m\u00fclk sahipleri hem de kirac\u0131lar i\u00e7in \u00f6nemli de\u011fi\u015fiklikler sunuyor. Herkesin yarar\u0131na olabilecek adil bir sistem, gelecekte gayrimenkul piyasas\u0131n\u0131n daha sa\u011fl\u0131kl\u0131 i\u015flemesine katk\u0131 sa\u011flayacak. <strong>Bir d\u00fc\u015f\u00fcn\u00fcn, b\u00f6yle bir sistemle m\u00fclk sahibi olman\u0131n ve kirac\u0131l\u0131\u011f\u0131n ne kadar kolayla\u015fabilece\u011fini!<\/strong><\/p>\n<h2>Konut Vergisi Art\u0131\u015flar\u0131: 2025&#8217;te Ne Beklemelisiniz?<\/h2>\n<p>Son y\u0131llarda T\u00fcrkiye&#8217;de emlak sekt\u00f6r\u00fcnde ya\u015fanan h\u0131zl\u0131 b\u00fcy\u00fcme, vergilerin artmas\u0131nda \u00f6nemli bir rol oynuyor. Devlet, b\u00fct\u00e7e a\u00e7\u0131\u011f\u0131n\u0131 kapatmak i\u00e7in konut vergilerini art\u0131rma yoluna gidebilir. Ayr\u0131ca, tar\u0131m ve in\u015faat alan\u0131ndaki yat\u0131r\u0131mlar\u0131n da artmas\u0131, devleti daha fazla gelir elde etmeye y\u00f6nlendirebilir. B\u00f6yle bir durum, m\u00fclk sahipleriyle birlikte kirac\u0131lar\u0131 da olumsuz etkileyebilir.<\/p>\n<p>Konut vergisi art\u0131\u015flar\u0131 do\u011frudan hanelerin b\u00fct\u00e7elerini sarsabilir. D\u00fc\u015f\u00fcn\u00fcn ki, y\u0131ll\u0131k vergi \u00f6demeleriniz bir anda art\u0131yor. Bu durum, potansiyel al\u0131c\u0131lar\u0131 ta\u015f\u0131nmaya ya da yeni bir m\u00fclk sat\u0131n almaya y\u00f6neltebilir. Zira, herkes daha d\u00fc\u015f\u00fck vergili b\u00f6lgeleri tercih etmek isteyecektir. Bu durumda, m\u00fclklerin de\u011feri ne olacak?<\/p>\n<p>Yat\u0131r\u0131mc\u0131lar, konut vergisi art\u0131\u015flar\u0131n\u0131 g\u00f6z \u00f6n\u00fcnde bulundurarak stratejilerini g\u00fcncellemek zorunda kalacaklar. Peki, bu art\u0131\u015flar gayrimenkul al\u0131m\u0131na nas\u0131l yans\u0131yacak? Yat\u0131r\u0131m f\u0131rsatlar\u0131 azalacak m\u0131, yoksa tamamen yeni kap\u0131lar m\u0131 a\u00e7acak? \u0130\u015fte burada dikkatli d\u00fc\u015f\u00fcnmek gerekiyor; belki de f\u0131rsatlarla dolu bir d\u00f6nem ba\u015fl\u0131yor.<\/p>\n<p>2025&#8217;te konut vergisi art\u0131\u015flar\u0131n\u0131n etkileri pek \u00e7ok alanda hissedilecek. Hem haneler hem de yat\u0131r\u0131mc\u0131lar i\u00e7in belirsizliklerle dolu bir d\u00f6nem bizi bekliyor.<\/p>\n<h2>2025 Y\u0131l\u0131 Konut Vergisi: Uzmanlar Hangi Stratejileri \u00d6neriyor?<\/h2>\n<p><strong>Konut vergisi nedir?<\/strong> \u00d6ncelikle, konut vergisi, sahip oldu\u011funuz ta\u015f\u0131nmazlar\u0131n belediyeye \u00f6denmesi gereken bir vergi t\u00fcr\u00fcd\u00fcr. Bu vergi, genellikle ta\u015f\u0131nmaz\u0131n de\u011feri \u00fczerinden hesaplan\u0131r. Yani ev veya daireniz ne kadar de\u011ferliyse, o kadar vergi \u00f6deyebilirsiniz. Ancak bu ka\u00e7\u0131n\u0131lmaz durumu daha y\u00f6netilebilir hale getirecek baz\u0131 stratejiler var.<\/p>\n<p><strong>De\u011fer art\u0131r\u0131m\u0131 sa\u011flaman\u0131n yollar\u0131<\/strong> i\u00e7inde, m\u00fclk\u00fcn\u00fcz\u00fc yenileyip modernle\u015ftirmek bulunuyor. Gereksiz harcamalardan ka\u00e7\u0131nmak, gereksiz masraflara girmeden daha ak\u0131ll\u0131ca harcamalar yapman\u0131za olanak tan\u0131r. \u00d6rne\u011fin, enerji verimlili\u011fine odaklanmak, hem evinizin de\u011ferini art\u0131rabilir hem de ileride \u00f6deyece\u011finiz vergiyi azaltabilir. D\u00fc\u015f\u00fcn\u00fcn ki, d\u00fc\u015f\u00fck enerji t\u00fcketimiyle fatura \u00f6demeniz azal\u0131rken, vergi y\u00fck\u00fcml\u00fcl\u00fc\u011f\u00fcn\u00fc de hafifletiyorsunuz.<\/p>\n<p><strong>Yard\u0131mc\u0131 olabilecek devlet te\u015fvikleri<\/strong> ve indirim f\u0131rsatlar\u0131n\u0131 ara\u015ft\u0131rmak da \u00f6nemli. Devlet, belirli ko\u015fullarda konut sahiplerine \u00e7e\u015fitli indirimler sunabiliyor. Bu f\u0131rsatlar\u0131 takip etmek, hem mali anlamda rahatlaman\u0131z\u0131 sa\u011flayacak hem de vergisel y\u00fck\u00fcml\u00fcl\u00fcklerinizi daha kolay y\u00f6netmenizi sa\u011flayacakt\u0131r. Neden bunlara g\u00f6z atmayas\u0131n\u0131z ki?<\/p>\n<p>Son olarak, <strong>uzman g\u00f6r\u00fc\u015flerine g\u00f6z atmak da<\/strong> kritik. Mali dan\u0131\u015fmanlar veya vergi uzmanlar\u0131, sizi do\u011fru y\u00f6nlendirebilir. Onlar\u0131n deneyimleri sayesinde, konut vergisi konusunda daha sa\u011flam ad\u0131mlar atabilirsiniz. Unutmay\u0131n ki bilgi, en \u00f6nemli ekonomik ara\u00e7t\u0131r!<\/p>\n<p><a href=\"http:\/\/emlakdepo.com\"><em>Kaynak: emlakdepo.com<\/em><\/a><\/p>\n","protected":false},"excerpt":{"rendered":"<p>Konut vergisi, m\u00fclk sahiplerinin devlet veya yerel y\u00f6netimlere \u00f6demesi gereken bir vergidir. Genellikle m\u00fclk\u00fcn de\u011feri \u00fczerinden hesaplan\u0131r. Yani, evinizin de\u011feri ne kadar y\u00fcksekse, \u00f6demeniz gereken vergi miktar\u0131 da o kadar artar. Bu durum, bir\u00e7ok ev sahibi i\u00e7in kafa kar\u0131\u015ft\u0131r\u0131c\u0131 olabilir. Y\u0131lba\u015f\u0131nda gelen zamlarla birlikte, bir\u00e7ok ki\u015fi b\u00fct\u00e7esini yeniden g\u00f6zden ge\u00e7irmek zorunda kalacak. 2025 y\u0131l\u0131nda, baz\u0131 [&hellip;]<\/p>\n","protected":false},"author":1,"featured_media":189,"comment_status":"open","ping_status":"open","sticky":false,"template":"","format":"standard","meta":{"footnotes":""},"categories":[1,11],"tags":[74,76,75,72,71,73],"class_list":["post-187","post","type-post","status-publish","format-standard","has-post-thumbnail","hentry","category-genel","category-yasam-haberleri","tag-74","tag-2025-ev-vergisi","tag-ev","tag-konut","tag-konut-vergisi","tag-vergi"],"yoast_head":"<!-- This site is optimized with the Yoast SEO plugin v27.5 - https:\/\/yoast.com\/product\/yoast-seo-wordpress\/ -->\n<title>2025 Y\u0131l\u0131 Konut Vergisi Hakk\u0131nda Bilgilendirme - Y\u0131kama \u0130stanbul Blog<\/title>\n<meta name=\"description\" content=\"2025 konut vergisi hakk\u0131nda merak ettikleriniz burada! Vergi oranlar\u0131 ve etkili \u00f6deme y\u00f6ntemleri hakk\u0131nda bilgi edinin.\" \/>\n<meta name=\"robots\" content=\"index, follow, max-snippet:-1, max-image-preview:large, max-video-preview:-1\" \/>\n<link rel=\"canonical\" href=\"https:\/\/yikama.istanbul\/blog\/2025-yili-konut-vergisi-hakkinda-bilgilendirme\/\" \/>\n<meta property=\"og:locale\" content=\"tr_TR\" \/>\n<meta property=\"og:type\" content=\"article\" \/>\n<meta property=\"og:title\" content=\"2025 Y\u0131l\u0131 Konut Vergisi Hakk\u0131nda Bilgilendirme - Y\u0131kama \u0130stanbul Blog\" \/>\n<meta property=\"og:description\" content=\"2025 konut vergisi hakk\u0131nda merak ettikleriniz burada! Vergi oranlar\u0131 ve etkili \u00f6deme y\u00f6ntemleri hakk\u0131nda bilgi edinin.\" \/>\n<meta property=\"og:url\" content=\"https:\/\/yikama.istanbul\/blog\/2025-yili-konut-vergisi-hakkinda-bilgilendirme\/\" \/>\n<meta property=\"og:site_name\" content=\"Y\u0131kama \u0130stanbul Blog\" \/>\n<meta property=\"article:published_time\" content=\"2025-06-26T21:39:28+00:00\" \/>\n<meta property=\"og:image\" content=\"https:\/\/yikama.istanbul\/blog\/wp-content\/uploads\/2025\/06\/2025-emlak-vergilendirme-fiyatlari.jpg\" \/>\n\t<meta property=\"og:image:width\" content=\"612\" \/>\n\t<meta property=\"og:image:height\" content=\"343\" \/>\n\t<meta property=\"og:image:type\" content=\"image\/jpeg\" \/>\n<meta name=\"author\" content=\"admin\" \/>\n<meta name=\"twitter:card\" content=\"summary_large_image\" \/>\n<meta name=\"twitter:label1\" content=\"Yazan:\" \/>\n\t<meta name=\"twitter:data1\" content=\"admin\" \/>\n\t<meta name=\"twitter:label2\" content=\"Tahmini okuma s\u00fcresi\" \/>\n\t<meta name=\"twitter:data2\" content=\"8 dakika\" \/>\n<script type=\"application\/ld+json\" class=\"yoast-schema-graph\">{\"@context\":\"https:\\\/\\\/schema.org\",\"@graph\":[{\"@type\":\"Article\",\"@id\":\"https:\\\/\\\/yikama.istanbul\\\/blog\\\/2025-yili-konut-vergisi-hakkinda-bilgilendirme\\\/#article\",\"isPartOf\":{\"@id\":\"https:\\\/\\\/yikama.istanbul\\\/blog\\\/2025-yili-konut-vergisi-hakkinda-bilgilendirme\\\/\"},\"author\":{\"name\":\"admin\",\"@id\":\"https:\\\/\\\/yikama.istanbul\\\/blog\\\/#\\\/schema\\\/person\\\/837fa356c9f93badf33bb06912a51079\"},\"headline\":\"2025 Y\u0131l\u0131 Konut Vergisi Hakk\u0131nda Bilgilendirme\",\"datePublished\":\"2025-06-26T21:39:28+00:00\",\"mainEntityOfPage\":{\"@id\":\"https:\\\/\\\/yikama.istanbul\\\/blog\\\/2025-yili-konut-vergisi-hakkinda-bilgilendirme\\\/\"},\"wordCount\":1761,\"commentCount\":0,\"publisher\":{\"@id\":\"https:\\\/\\\/yikama.istanbul\\\/blog\\\/#organization\"},\"image\":{\"@id\":\"https:\\\/\\\/yikama.istanbul\\\/blog\\\/2025-yili-konut-vergisi-hakkinda-bilgilendirme\\\/#primaryimage\"},\"thumbnailUrl\":\"https:\\\/\\\/yikama.istanbul\\\/blog\\\/wp-content\\\/uploads\\\/2025\\\/06\\\/2025-emlak-vergilendirme-fiyatlari.jpg\",\"keywords\":[\"2025\",\"2025 ev vergisi\",\"ev\",\"konut\",\"konut vergisi\",\"vergi\"],\"articleSection\":{\"1\":\"Ya\u015fam Haberleri\"},\"inLanguage\":\"tr\",\"potentialAction\":[{\"@type\":\"CommentAction\",\"name\":\"Comment\",\"target\":[\"https:\\\/\\\/yikama.istanbul\\\/blog\\\/2025-yili-konut-vergisi-hakkinda-bilgilendirme\\\/#respond\"]}]},{\"@type\":\"WebPage\",\"@id\":\"https:\\\/\\\/yikama.istanbul\\\/blog\\\/2025-yili-konut-vergisi-hakkinda-bilgilendirme\\\/\",\"url\":\"https:\\\/\\\/yikama.istanbul\\\/blog\\\/2025-yili-konut-vergisi-hakkinda-bilgilendirme\\\/\",\"name\":\"2025 Y\u0131l\u0131 Konut Vergisi Hakk\u0131nda Bilgilendirme - Y\u0131kama \u0130stanbul Blog\",\"isPartOf\":{\"@id\":\"https:\\\/\\\/yikama.istanbul\\\/blog\\\/#website\"},\"primaryImageOfPage\":{\"@id\":\"https:\\\/\\\/yikama.istanbul\\\/blog\\\/2025-yili-konut-vergisi-hakkinda-bilgilendirme\\\/#primaryimage\"},\"image\":{\"@id\":\"https:\\\/\\\/yikama.istanbul\\\/blog\\\/2025-yili-konut-vergisi-hakkinda-bilgilendirme\\\/#primaryimage\"},\"thumbnailUrl\":\"https:\\\/\\\/yikama.istanbul\\\/blog\\\/wp-content\\\/uploads\\\/2025\\\/06\\\/2025-emlak-vergilendirme-fiyatlari.jpg\",\"datePublished\":\"2025-06-26T21:39:28+00:00\",\"description\":\"2025 konut vergisi hakk\u0131nda merak ettikleriniz burada! Vergi oranlar\u0131 ve etkili \u00f6deme y\u00f6ntemleri hakk\u0131nda bilgi edinin.\",\"breadcrumb\":{\"@id\":\"https:\\\/\\\/yikama.istanbul\\\/blog\\\/2025-yili-konut-vergisi-hakkinda-bilgilendirme\\\/#breadcrumb\"},\"inLanguage\":\"tr\",\"potentialAction\":[{\"@type\":\"ReadAction\",\"target\":[\"https:\\\/\\\/yikama.istanbul\\\/blog\\\/2025-yili-konut-vergisi-hakkinda-bilgilendirme\\\/\"]}]},{\"@type\":\"ImageObject\",\"inLanguage\":\"tr\",\"@id\":\"https:\\\/\\\/yikama.istanbul\\\/blog\\\/2025-yili-konut-vergisi-hakkinda-bilgilendirme\\\/#primaryimage\",\"url\":\"https:\\\/\\\/yikama.istanbul\\\/blog\\\/wp-content\\\/uploads\\\/2025\\\/06\\\/2025-emlak-vergilendirme-fiyatlari.jpg\",\"contentUrl\":\"https:\\\/\\\/yikama.istanbul\\\/blog\\\/wp-content\\\/uploads\\\/2025\\\/06\\\/2025-emlak-vergilendirme-fiyatlari.jpg\",\"width\":612,\"height\":343},{\"@type\":\"BreadcrumbList\",\"@id\":\"https:\\\/\\\/yikama.istanbul\\\/blog\\\/2025-yili-konut-vergisi-hakkinda-bilgilendirme\\\/#breadcrumb\",\"itemListElement\":[{\"@type\":\"ListItem\",\"position\":1,\"name\":\"Anasayfa\",\"item\":\"https:\\\/\\\/yikama.istanbul\\\/blog\\\/\"},{\"@type\":\"ListItem\",\"position\":2,\"name\":\"2025 Y\u0131l\u0131 Konut Vergisi Hakk\u0131nda Bilgilendirme\"}]},{\"@type\":\"WebSite\",\"@id\":\"https:\\\/\\\/yikama.istanbul\\\/blog\\\/#website\",\"url\":\"https:\\\/\\\/yikama.istanbul\\\/blog\\\/\",\"name\":\"Y\u0131kama \u0130stanbul Blog\",\"description\":\"\",\"publisher\":{\"@id\":\"https:\\\/\\\/yikama.istanbul\\\/blog\\\/#organization\"},\"potentialAction\":[{\"@type\":\"SearchAction\",\"target\":{\"@type\":\"EntryPoint\",\"urlTemplate\":\"https:\\\/\\\/yikama.istanbul\\\/blog\\\/?s={search_term_string}\"},\"query-input\":{\"@type\":\"PropertyValueSpecification\",\"valueRequired\":true,\"valueName\":\"search_term_string\"}}],\"inLanguage\":\"tr\"},{\"@type\":\"Organization\",\"@id\":\"https:\\\/\\\/yikama.istanbul\\\/blog\\\/#organization\",\"name\":\"Y\u0131kama \u0130stanbul Blog\",\"url\":\"https:\\\/\\\/yikama.istanbul\\\/blog\\\/\",\"logo\":{\"@type\":\"ImageObject\",\"inLanguage\":\"tr\",\"@id\":\"https:\\\/\\\/yikama.istanbul\\\/blog\\\/#\\\/schema\\\/logo\\\/image\\\/\",\"url\":\"https:\\\/\\\/yikama.istanbul\\\/blog\\\/wp-content\\\/uploads\\\/2024\\\/02\\\/cropped-istanbul.yikama.png\",\"contentUrl\":\"https:\\\/\\\/yikama.istanbul\\\/blog\\\/wp-content\\\/uploads\\\/2024\\\/02\\\/cropped-istanbul.yikama.png\",\"width\":500,\"height\":140,\"caption\":\"Y\u0131kama \u0130stanbul Blog\"},\"image\":{\"@id\":\"https:\\\/\\\/yikama.istanbul\\\/blog\\\/#\\\/schema\\\/logo\\\/image\\\/\"}},{\"@type\":\"Person\",\"@id\":\"https:\\\/\\\/yikama.istanbul\\\/blog\\\/#\\\/schema\\\/person\\\/837fa356c9f93badf33bb06912a51079\",\"name\":\"admin\",\"image\":{\"@type\":\"ImageObject\",\"inLanguage\":\"tr\",\"@id\":\"https:\\\/\\\/secure.gravatar.com\\\/avatar\\\/05810c36c761590edd0e6ccefb869a9b389d1e9109e4428fe12db5041dc4fcbb?s=96&d=mm&r=g\",\"url\":\"https:\\\/\\\/secure.gravatar.com\\\/avatar\\\/05810c36c761590edd0e6ccefb869a9b389d1e9109e4428fe12db5041dc4fcbb?s=96&d=mm&r=g\",\"contentUrl\":\"https:\\\/\\\/secure.gravatar.com\\\/avatar\\\/05810c36c761590edd0e6ccefb869a9b389d1e9109e4428fe12db5041dc4fcbb?s=96&d=mm&r=g\",\"caption\":\"admin\"},\"sameAs\":[\"https:\\\/\\\/yikama.istanbul\\\/blog\"],\"url\":\"https:\\\/\\\/yikama.istanbul\\\/blog\\\/author\\\/admin\\\/\"}]}<\/script>\n<!-- \/ Yoast SEO plugin. -->","yoast_head_json":{"title":"2025 Y\u0131l\u0131 Konut Vergisi Hakk\u0131nda Bilgilendirme - Y\u0131kama \u0130stanbul Blog","description":"2025 konut vergisi hakk\u0131nda merak ettikleriniz burada! Vergi oranlar\u0131 ve etkili \u00f6deme y\u00f6ntemleri hakk\u0131nda bilgi edinin.","robots":{"index":"index","follow":"follow","max-snippet":"max-snippet:-1","max-image-preview":"max-image-preview:large","max-video-preview":"max-video-preview:-1"},"canonical":"https:\/\/yikama.istanbul\/blog\/2025-yili-konut-vergisi-hakkinda-bilgilendirme\/","og_locale":"tr_TR","og_type":"article","og_title":"2025 Y\u0131l\u0131 Konut Vergisi Hakk\u0131nda Bilgilendirme - Y\u0131kama \u0130stanbul Blog","og_description":"2025 konut vergisi hakk\u0131nda merak ettikleriniz burada! Vergi oranlar\u0131 ve etkili \u00f6deme y\u00f6ntemleri hakk\u0131nda bilgi edinin.","og_url":"https:\/\/yikama.istanbul\/blog\/2025-yili-konut-vergisi-hakkinda-bilgilendirme\/","og_site_name":"Y\u0131kama \u0130stanbul Blog","article_published_time":"2025-06-26T21:39:28+00:00","og_image":[{"width":612,"height":343,"url":"https:\/\/yikama.istanbul\/blog\/wp-content\/uploads\/2025\/06\/2025-emlak-vergilendirme-fiyatlari.jpg","type":"image\/jpeg"}],"author":"admin","twitter_card":"summary_large_image","twitter_misc":{"Yazan:":"admin","Tahmini okuma s\u00fcresi":"8 dakika"},"schema":{"@context":"https:\/\/schema.org","@graph":[{"@type":"Article","@id":"https:\/\/yikama.istanbul\/blog\/2025-yili-konut-vergisi-hakkinda-bilgilendirme\/#article","isPartOf":{"@id":"https:\/\/yikama.istanbul\/blog\/2025-yili-konut-vergisi-hakkinda-bilgilendirme\/"},"author":{"name":"admin","@id":"https:\/\/yikama.istanbul\/blog\/#\/schema\/person\/837fa356c9f93badf33bb06912a51079"},"headline":"2025 Y\u0131l\u0131 Konut Vergisi Hakk\u0131nda Bilgilendirme","datePublished":"2025-06-26T21:39:28+00:00","mainEntityOfPage":{"@id":"https:\/\/yikama.istanbul\/blog\/2025-yili-konut-vergisi-hakkinda-bilgilendirme\/"},"wordCount":1761,"commentCount":0,"publisher":{"@id":"https:\/\/yikama.istanbul\/blog\/#organization"},"image":{"@id":"https:\/\/yikama.istanbul\/blog\/2025-yili-konut-vergisi-hakkinda-bilgilendirme\/#primaryimage"},"thumbnailUrl":"https:\/\/yikama.istanbul\/blog\/wp-content\/uploads\/2025\/06\/2025-emlak-vergilendirme-fiyatlari.jpg","keywords":["2025","2025 ev vergisi","ev","konut","konut vergisi","vergi"],"articleSection":{"1":"Ya\u015fam Haberleri"},"inLanguage":"tr","potentialAction":[{"@type":"CommentAction","name":"Comment","target":["https:\/\/yikama.istanbul\/blog\/2025-yili-konut-vergisi-hakkinda-bilgilendirme\/#respond"]}]},{"@type":"WebPage","@id":"https:\/\/yikama.istanbul\/blog\/2025-yili-konut-vergisi-hakkinda-bilgilendirme\/","url":"https:\/\/yikama.istanbul\/blog\/2025-yili-konut-vergisi-hakkinda-bilgilendirme\/","name":"2025 Y\u0131l\u0131 Konut Vergisi Hakk\u0131nda Bilgilendirme - Y\u0131kama \u0130stanbul Blog","isPartOf":{"@id":"https:\/\/yikama.istanbul\/blog\/#website"},"primaryImageOfPage":{"@id":"https:\/\/yikama.istanbul\/blog\/2025-yili-konut-vergisi-hakkinda-bilgilendirme\/#primaryimage"},"image":{"@id":"https:\/\/yikama.istanbul\/blog\/2025-yili-konut-vergisi-hakkinda-bilgilendirme\/#primaryimage"},"thumbnailUrl":"https:\/\/yikama.istanbul\/blog\/wp-content\/uploads\/2025\/06\/2025-emlak-vergilendirme-fiyatlari.jpg","datePublished":"2025-06-26T21:39:28+00:00","description":"2025 konut vergisi hakk\u0131nda merak ettikleriniz burada! Vergi oranlar\u0131 ve etkili \u00f6deme y\u00f6ntemleri hakk\u0131nda bilgi edinin.","breadcrumb":{"@id":"https:\/\/yikama.istanbul\/blog\/2025-yili-konut-vergisi-hakkinda-bilgilendirme\/#breadcrumb"},"inLanguage":"tr","potentialAction":[{"@type":"ReadAction","target":["https:\/\/yikama.istanbul\/blog\/2025-yili-konut-vergisi-hakkinda-bilgilendirme\/"]}]},{"@type":"ImageObject","inLanguage":"tr","@id":"https:\/\/yikama.istanbul\/blog\/2025-yili-konut-vergisi-hakkinda-bilgilendirme\/#primaryimage","url":"https:\/\/yikama.istanbul\/blog\/wp-content\/uploads\/2025\/06\/2025-emlak-vergilendirme-fiyatlari.jpg","contentUrl":"https:\/\/yikama.istanbul\/blog\/wp-content\/uploads\/2025\/06\/2025-emlak-vergilendirme-fiyatlari.jpg","width":612,"height":343},{"@type":"BreadcrumbList","@id":"https:\/\/yikama.istanbul\/blog\/2025-yili-konut-vergisi-hakkinda-bilgilendirme\/#breadcrumb","itemListElement":[{"@type":"ListItem","position":1,"name":"Anasayfa","item":"https:\/\/yikama.istanbul\/blog\/"},{"@type":"ListItem","position":2,"name":"2025 Y\u0131l\u0131 Konut Vergisi Hakk\u0131nda Bilgilendirme"}]},{"@type":"WebSite","@id":"https:\/\/yikama.istanbul\/blog\/#website","url":"https:\/\/yikama.istanbul\/blog\/","name":"Y\u0131kama \u0130stanbul Blog","description":"","publisher":{"@id":"https:\/\/yikama.istanbul\/blog\/#organization"},"potentialAction":[{"@type":"SearchAction","target":{"@type":"EntryPoint","urlTemplate":"https:\/\/yikama.istanbul\/blog\/?s={search_term_string}"},"query-input":{"@type":"PropertyValueSpecification","valueRequired":true,"valueName":"search_term_string"}}],"inLanguage":"tr"},{"@type":"Organization","@id":"https:\/\/yikama.istanbul\/blog\/#organization","name":"Y\u0131kama \u0130stanbul Blog","url":"https:\/\/yikama.istanbul\/blog\/","logo":{"@type":"ImageObject","inLanguage":"tr","@id":"https:\/\/yikama.istanbul\/blog\/#\/schema\/logo\/image\/","url":"https:\/\/yikama.istanbul\/blog\/wp-content\/uploads\/2024\/02\/cropped-istanbul.yikama.png","contentUrl":"https:\/\/yikama.istanbul\/blog\/wp-content\/uploads\/2024\/02\/cropped-istanbul.yikama.png","width":500,"height":140,"caption":"Y\u0131kama \u0130stanbul Blog"},"image":{"@id":"https:\/\/yikama.istanbul\/blog\/#\/schema\/logo\/image\/"}},{"@type":"Person","@id":"https:\/\/yikama.istanbul\/blog\/#\/schema\/person\/837fa356c9f93badf33bb06912a51079","name":"admin","image":{"@type":"ImageObject","inLanguage":"tr","@id":"https:\/\/secure.gravatar.com\/avatar\/05810c36c761590edd0e6ccefb869a9b389d1e9109e4428fe12db5041dc4fcbb?s=96&d=mm&r=g","url":"https:\/\/secure.gravatar.com\/avatar\/05810c36c761590edd0e6ccefb869a9b389d1e9109e4428fe12db5041dc4fcbb?s=96&d=mm&r=g","contentUrl":"https:\/\/secure.gravatar.com\/avatar\/05810c36c761590edd0e6ccefb869a9b389d1e9109e4428fe12db5041dc4fcbb?s=96&d=mm&r=g","caption":"admin"},"sameAs":["https:\/\/yikama.istanbul\/blog"],"url":"https:\/\/yikama.istanbul\/blog\/author\/admin\/"}]}},"_links":{"self":[{"href":"https:\/\/yikama.istanbul\/blog\/wp-json\/wp\/v2\/posts\/187","targetHints":{"allow":["GET"]}}],"collection":[{"href":"https:\/\/yikama.istanbul\/blog\/wp-json\/wp\/v2\/posts"}],"about":[{"href":"https:\/\/yikama.istanbul\/blog\/wp-json\/wp\/v2\/types\/post"}],"author":[{"embeddable":true,"href":"https:\/\/yikama.istanbul\/blog\/wp-json\/wp\/v2\/users\/1"}],"replies":[{"embeddable":true,"href":"https:\/\/yikama.istanbul\/blog\/wp-json\/wp\/v2\/comments?post=187"}],"version-history":[{"count":1,"href":"https:\/\/yikama.istanbul\/blog\/wp-json\/wp\/v2\/posts\/187\/revisions"}],"predecessor-version":[{"id":190,"href":"https:\/\/yikama.istanbul\/blog\/wp-json\/wp\/v2\/posts\/187\/revisions\/190"}],"wp:featuredmedia":[{"embeddable":true,"href":"https:\/\/yikama.istanbul\/blog\/wp-json\/wp\/v2\/media\/189"}],"wp:attachment":[{"href":"https:\/\/yikama.istanbul\/blog\/wp-json\/wp\/v2\/media?parent=187"}],"wp:term":[{"taxonomy":"category","embeddable":true,"href":"https:\/\/yikama.istanbul\/blog\/wp-json\/wp\/v2\/categories?post=187"},{"taxonomy":"post_tag","embeddable":true,"href":"https:\/\/yikama.istanbul\/blog\/wp-json\/wp\/v2\/tags?post=187"}],"curies":[{"name":"wp","href":"https:\/\/api.w.org\/{rel}","templated":true}]}}